{"id":817,"date":"2025-11-03T16:11:32","date_gmt":"2025-11-03T16:11:32","guid":{"rendered":"https:\/\/sodsestudio.com\/?p=817"},"modified":"2025-11-10T11:53:51","modified_gmt":"2025-11-10T11:53:51","slug":"ultra-fast-fashion-como-desafia-y-transforma-el-sector-textil-europeo","status":"publish","type":"post","link":"https:\/\/sodsestudio.com\/es\/ultra-fast-fashion-como-desafia-y-transforma-el-sector-textil-europeo\/","title":{"rendered":"Ultra-fast fashion: \u00bfC\u00f3mo desaf\u00eda y transforma el sector textil europeo?"},"content":{"rendered":"\r\n<p><em>Evoluci\u00f3n de ventas en el sector textil: resiliencia y oportunidades desde 2020<\/em><\/p>\r\n\r\n<p>Durante d\u00e9cadas, <strong>Europa fue sin\u00f3nimo de creatividad, calidad y liderazgo en la moda global<\/strong>. De sus talleres, pasarelas y estudios de dise\u00f1o nacieron tendencias, materiales y est\u00e1ndares que marcaron el ritmo del consumo mundial. Sin embargo, ese equilibrio se ha visto alterado por la irrupci\u00f3n de la <strong>ultra-fast fashion<\/strong>, un modelo impulsado por gigantes como <strong>Shein, Temu, Cider, Boohoo, Missguided, Pretty Little Thing, Zaful, Fashion Nova o Amazon Haul<\/strong>, que ha <strong>redefinido las reglas del mercado<\/strong>, provocando <strong>presi\u00f3n regulatoria, competencia desigual y nuevos retos en sostenibilidad y compliance<\/strong>.<\/p>\r\n<p>Pese a este contexto disruptivo, el <strong>sector textil europeo ha demostrado una notable resiliencia desde 2020<\/strong>. Seg\u00fan informes de <a href=\"https:\/\/euratex.eu\/\"><strong>EURATEX<\/strong><\/a>, el <em>turnover <\/em>en la Uni\u00f3n Europea<strong> cay\u00f3 un 19% en 2020<\/strong> (hasta 147.000 millones de euros) debido al <strong>impacto de la pandemia<\/strong>, pero registr\u00f3 un <strong>rebote del 7% en 2021<\/strong> y un fuerte <strong>crecimiento del 10% en 2022<\/strong>, superando los 170.000 millones de euros. En <strong>2023-2024<\/strong>, las ventas se estabilizaron con<strong> incrementos del 0-2%<\/strong> (alrededor de 175.000 millones), y para <strong>2025<\/strong> se proyect\u00f3 un <strong>crecimiento del 2-4%<\/strong>, impulsado por <strong>exportaciones <\/strong>y <strong>segmentos sostenibles<\/strong> con gran expectativa a cierre de a\u00f1o.<\/p>\r\n<p>A nivel global, la <a href=\"https:\/\/www.itmf.org\/\"><strong>International Textile Manufacturers Federation<\/strong> <strong>(ITMF)<\/strong><\/a> reporta una recuperaci\u00f3n del <strong>15% entre 2021 y 2022<\/strong>, mientras que en <strong>Espa\u00f1a<\/strong>, los datos de <strong><a href=\"https:\/\/www.acotex.org\/\">Acotex<\/a><\/strong> muestran un rebote del <strong>5-7% en 2022-2023<\/strong> y estabilidad en 2024, con previsiones positivas a cierre de a\u00f1o. Por su parte, el informe <strong>McKinsey \u2013 <\/strong><a href=\"https:\/\/www.mckinsey.com\/industries\/retail\/our-insights\/state-of-fashion\"><strong>State of Fashion 2025<\/strong> <\/a>confirma esta tendencia: aunque el mercado se estabiliza, <strong>Europa sigue liderando en creatividad, dise\u00f1o y moda premium<\/strong>, con amplias <strong>oportunidades en innovaci\u00f3n sostenible<\/strong> que la posicionan como una potencia mundial.<\/p>\r\n<p>Sin embargo, el impacto de la <strong><em>ultra-fast fashion<\/em><\/strong> ha dejado huella: en solo tres a\u00f1os, el <strong>margen bruto medio del textil europeo ha descendido del 48% al 34%<\/strong>, evidenciando la presi\u00f3n de un modelo basado en la velocidad y el bajo coste.<\/p>\r\n<p>Desde <a href=\"https:\/\/sodsestudio.com\/es\/\"><strong>SODS ESTUDIO<\/strong><\/a>, presentamos un an\u00e1lisis basado en datos sectoriales para 2025 con especial \u00e9nfasis en el cumplimiento normativo como factor diferencial.<\/p>\r\n<h2 class=\"wp-block-heading\"><strong>De la velocidad a la disrupci\u00f3n<\/strong><\/h2>\r\n<p>El <strong>modelo <em>ultra-fast fashion<\/em><\/strong> se basa en la <strong>actualizaci\u00f3n constante de cat\u00e1logo<\/strong> (miles de productos nuevos cada semana), <strong>precios digitalmente ajustados<\/strong>, <strong>respuesta casi inmediata a tendencias<\/strong>, y una <strong>log\u00edstica que aprovecha los vac\u00edos regulatorios europeos<\/strong>. El <strong>margen bruto medio<\/strong> ha ca\u00eddo del 48% al 34% en tres a\u00f1os; y las <strong>marcas tradicionales <\/strong>pierden terreno frente a compa\u00f1\u00edas capaces de renovar prendas y ciclos de venta en d\u00edas.<\/p>\r\n<p>Entre los <strong>principales actores<\/strong> destacan:<\/p>\r\n\r\n<ul class=\"wp-block-list\">\r\n<li><strong>Shein<\/strong>: l\u00edder absoluto, con m\u00e1s de 12 millones de pedidos diarios a nivel global y una facturaci\u00f3n prevista de 58.000 millones de d\u00f3lares en 2025. Su modelo de test-and-repeat permite introducir hasta 10.000 nuevos productos cada d\u00eda, ajustando la producci\u00f3n en tiempo real a la demanda detectada por algoritmos de predicci\u00f3n.<\/li>\r\n\r\n\r\n\r\n<li><strong>Temu <\/strong>(<strong>PDD Holdings<\/strong>): Con 200.000 env\u00edos diarios a Europa, alcanzar\u00e1 los 35.000 millones de d\u00f3lares en ingresos este a\u00f1o, gracias a su modelo de group-buying y precios ultracompetitivos.<\/li>\r\n\r\n\r\n\r\n<li><strong>Boohoo<\/strong>, <strong>ASOS <\/strong>o <strong>Pretty Little Thing<\/strong>: grandes exponentes en Europa que replican algoritmos de an\u00e1lisis de tendencias y test-and-repeat, diferenciados del fast fashion tradicional por su capacidad de respuesta y escala.<\/li>\r\n\r\n\r\n\r\n<li><strong>Amazon Haul<\/strong>, el gigante estadounidense compite en Europa con una oferta de ultra-low cost impulsada por an\u00e1lisis predictivo y hauls virales, con expansi\u00f3n prevista en la UE y Reino Unido durante este 2025, y presionando a las marcas locales.<\/li>\r\n\r\n\r\n\r\n<li><strong>Taobao<\/strong>, <strong>AliExpress <\/strong>y <strong>Tmall Global<\/strong> (<strong>Alibaba Group<\/strong>): juntos suman m\u00e1s de 40.000 millones de d\u00f3lares en ventas de moda, impulsados por estrategias de live commerce y distribuci\u00f3n directa al consumidor.<\/li>\r\n\r\n\r\n\r\n<li><strong>Pinduoduo<\/strong>, <strong>Zaful <\/strong>y <strong>Romwe<\/strong>: refuerzan la oferta juvenil y de bajo coste, con crecimientos anuales superiores al 15 %.<\/li>\r\n\r\n\r\n\r\n<li><strong>Xiaohongshu<\/strong> (<strong>Little Red Book<\/strong>): fusiona social commerce y moda r\u00e1pida de lujo, generando cerca de 500 millones de d\u00f3lares en ventas transfronterizas.<\/li>\r\n<\/ul>\r\n<p>El resultado es una <strong>distorsi\u00f3n estructural del mercado<\/strong>, donde las empresas europeas, sujetas a estrictos marcos de cumplimiento europeo, compiten en desigualdad frente a actores globales con costes imbatibles y trazabilidad m\u00ednima.<\/p>\r\n<p>\r\n\r\n\r\n\r\n<\/p>\r\n<h2 class=\"wp-block-heading\"><strong>Consumo: entre la conveniencia y la contradicci\u00f3n<\/strong><\/h2>\r\n<p>\r\n\r\n<\/p>\r\n<p>El auge de la ultra-fast fashion no es un fen\u00f3meno espont\u00e1neo: es el reflejo de una transformaci\u00f3n en los h\u00e1bitos de consumo global. Seg\u00fan el informe <a href=\"https:\/\/www.mckinsey.com\/industries\/retail\/our-insights\/state-of-fashion#\/\"><strong>The State of Fashion 2025<\/strong><\/a>, elaborado por <strong>McKinsey &amp; Company<\/strong> y <strong>The Business of Fashion<\/strong>, la <strong>p\u00e9rdida de poder adquisitivo<\/strong> y el <strong>aumento de la sensibilidad al precio<\/strong> \u2014lo que los autores definen como value-conscious spending\u2014 son los principales catalizadores del crecimiento de este modelo.<\/p>\r\n<p>La <strong>presi\u00f3n inflacionaria<\/strong>, el <strong>encarecimiento de la energ\u00eda <\/strong>y la <strong>desaceleraci\u00f3n salarial <\/strong>han cambiado las prioridades de millones de consumidores europeos, que ahora buscan<strong> \u201cm\u00e1s por menos<\/strong>\u201d. Este giro ha provocado que el <strong>precio <\/strong>supere a factores antes determinantes como la <strong>calidad<\/strong>, la <strong>trazabilidad<\/strong> o el <strong>origen del producto<\/strong>.<\/p>\r\n<p>De acuerdo con McKinsey, m\u00e1s del <strong>60 % de los consumidores en mercados como Europa occidental, Estados Unidos y Reino Unido declara que intenta gastar menos en moda<\/strong>, y <strong>m\u00e1s del 45 % afirma que recurre a plataformas digitales asi\u00e1ticas<\/strong> para encontrar alternativas m\u00e1s econ\u00f3micas.<\/p>\r\n<p>Se estima que el <strong>segmento de <em>ultra-fast fashion<\/em> <\/strong>es el \u00fanico del sector textil que <strong>crecer\u00e1 por encima del 15 % anual en 2025<\/strong>, en contraste con el <strong>crecimiento plano o negativo de las marcas tradicionales<\/strong>. Una tendencia que consolida la transici\u00f3n desde un consumo aspiracional hacia uno puramente funcional, donde la percepci\u00f3n de valor est\u00e1 asociada al coste y no a la durabilidad.<\/p>\r\n<p>Pero detr\u00e1s de este fen\u00f3meno se esconde una paradoja: Este mismo informe dice que el mismo consumidor que exige <strong>sostenibilidad <\/strong>y <strong>responsabilidad social<\/strong> est\u00e1 premiando con sus decisiones de compra a los modelos m\u00e1s opacos, intensivos y dif\u00edciles de fiscalizar.<\/p>\r\n<p>\r\n\r\n\r\n\r\n\r\n\r\n\r\n\r\n\r\n\r\n<\/p>\r\n<p>\r\n\r\n<\/p>\r\n<h2 class=\"wp-block-heading\"><strong>El consumidor en evoluci\u00f3n: <em>insights <\/em>acad\u00e9micos para 2025<\/strong><\/h2>\r\n<p>\r\n\r\n<\/p>\r\n<p>En 2025, el <strong>comportamiento de compra en moda<\/strong> se transforma hacia decisiones <strong>hiperpersonalizadas <\/strong>y <strong>proactivas<\/strong>, impulsadas por la <strong>ingenier\u00eda de la IA<\/strong>. Estudios recientes destacan c\u00f3mo <strong>algoritmos predictivos<\/strong> comprimen el <strong><em>journey <\/em>del cliente<\/strong>, pasando de <strong>impulsivo<\/strong> a <strong>funcional <\/strong>y <strong>sostenible<\/strong>.<\/p>\r\n<p>Por ejemplo, investigaciones de la Universidad de Virginia (Darden School of Business) indican que alrededor del <strong>60-70% de consumidores conf\u00eda en recomendaciones IA <\/strong>para compras de moda, acelerando decisiones y priorizando opciones ecol\u00f3gicas.<\/p>\r\n<p>Un estudio de Atma Jaya Catholic University (Indonesia) y Chung Yuan Christian University (Taiwan), publicado en Sustainability (2025), revela que la personalizaci\u00f3n de la<strong> IA aumenta la intenci\u00f3n de compra verde<\/strong> en aproximadamente un <strong>10-15% entre j\u00f3venes<\/strong>.<\/p>\r\n<p>Doctores en ciencias sociales, como los de la Universidad de Algarve (Portugal), analizan c\u00f3mo <strong>tecnolog\u00edas anal\u00edticas<\/strong> (<em>big data<\/em>, <em>e-WOM<\/em>) amplifican <strong>influencias sociales<\/strong>, elevando la <strong>confianza en compras online un 20-40% <\/strong>cuando hay moderaci\u00f3n por h\u00e1bitos y transparencia.<\/p>\r\n<p>Estos <em>insights <\/em>predicen para 2025 un <em>shift <\/em>hacia <strong>compras comunitarias y verdes<\/strong>, donde la IA act\u00faa como <strong>\u00abasesor de confianza\u00bb<\/strong>, pero advierten riesgos si falta trazabilidad.<\/p>\r\n<p>\r\n\r\n\r\n\r\n\r\n\r\n\r\n\r\n\r\n\r\n<\/p>\r\n<p>\r\n\r\n<\/p>\r\n<h2 class=\"wp-block-heading\"><strong>\u00bfFast fashion o ultra-fast fashion? Diferencias y retos<\/strong><\/h2>\r\n<p>\r\n\r\n<\/p>\r\n<p>A diferencia de la naturaleza de las marcas de fast fashion m\u00e1s tradicionales como, por ejemplo:<\/p>\r\n<p>\r\n\r\n<\/p>\r\n<figure class=\"wp-block-image aligncenter size-large is-resized\"><img loading=\"lazy\" decoding=\"async\" width=\"1024\" height=\"576\" class=\"wp-image-818 aligncenter\" style=\"width: 670px; height: auto;\" src=\"https:\/\/sodsestudio.com\/wp-content\/uploads\/2025\/10\/CONTINENTE-1024x576.png\" alt=\"\" srcset=\"https:\/\/sodsestudio.com\/wp-content\/uploads\/2025\/10\/CONTINENTE-1024x576.png 1024w, https:\/\/sodsestudio.com\/wp-content\/uploads\/2025\/10\/CONTINENTE-300x169.png 300w, https:\/\/sodsestudio.com\/wp-content\/uploads\/2025\/10\/CONTINENTE-768x432.png 768w, https:\/\/sodsestudio.com\/wp-content\/uploads\/2025\/10\/CONTINENTE-1536x864.png 1536w, https:\/\/sodsestudio.com\/wp-content\/uploads\/2025\/10\/CONTINENTE.png 1920w\" sizes=\"auto, (max-width: 1024px) 100vw, 1024px\" \/><\/figure>\r\n<p>\r\n\r\n<\/p>\r\n<p>La <em>ultra-fast fashion<\/em> ha llevado la <strong>velocidad del consumo<\/strong> a un nuevo extremo, <strong>renovando su <\/strong><strong>cat\u00e1logo a diario <\/strong>en lugar de hacerlo por temporadas o semanas<strong> a trav\u00e9s de algoritmos <\/strong>capaces de identificar y<strong> replicar tendencias virales en tiempo real<\/strong>, las marcas del sector lanzan <strong>micro producciones bajo un modelo <em>test-and-repeat<\/em> <\/strong>que permite ajustar precios y vol\u00famenes casi al segundo, reduciendo inventarios, pero multiplicando la rotaci\u00f3n.<\/p>\r\n<p>Este modelo no solo ha acelerado el consumo, sino que ha redefinido el propio<strong> concepto de producci\u00f3n<\/strong>: donde antes exist\u00edan colecciones estacionales, hoy se cuentan miles de lanzamientos semanales. La <strong>l\u00f3gica de \u201cver, desear, comprar y desechar\u201d<\/strong> se ha consolidado como el motor de un sistema en el que la inmediatez pesa m\u00e1s que la calidad, el coste m\u00e1s que la trazabilidad y el clic m\u00e1s que el valor.<\/p>\r\n<p>Frente a ello, las marcas que operan en el marco europeo y tienen como compromiso social al <strong>cliente final <\/strong>donde responden con procesos m\u00e1s \u00e1giles y una apuesta decidida por la sostenibilidad, pero sus ritmos y m\u00e1rgenes no pueden competir con la velocidad ni los costes del modelo <em>ultra-fast<\/em>.<\/p>\r\n<p>\r\n\r\n\r\n\r\n\r\n\r\n<\/p>\r\n<p>\r\n\r\n<\/p>\r\n<h2 class=\"wp-block-heading\">Impacto regulatorio: el nuevo horizonte europeo<\/h2>\r\n<p>\r\n\r\n<\/p>\r\n<p>La <strong>reacci\u00f3n institucional<\/strong> ya est\u00e1 en marcha. La Uni\u00f3n Europea ha asumido el desaf\u00edo de <strong>frenar el impacto de la <em>ultra-fast fashion<\/em><\/strong> con una <strong>nueva agenda regulatoria<\/strong> que combina <strong>sostenibilidad<\/strong>, <strong>fiscalidad<\/strong> y <strong>trazabilidad<\/strong>. En este marco, la <strong>reforma del C\u00f3digo Aduanero Europeo<\/strong> pondr\u00e1 fin a la exenci\u00f3n de 150 euros, imponiendo controles efectivos y el pago del IVA para todos los env\u00edos extracomunitarios.<\/p>\r\n<p><strong>Francia<\/strong>, por su parte, ha dado un paso m\u00e1s all\u00e1 con la <strong>creaci\u00f3n de una tasa ambiental progresiva <\/strong>para prendas de bajo coste, penalizando los productos con mayor impacto ecol\u00f3gico y limitando la publicidad que fomente el consumo impulsivo.<\/p>\r\n<p>A estas medidas se suman las <strong>nuevas directivas europeas<\/strong> sobre <strong>sostenibilidad <\/strong>y <strong>transparencia<\/strong>, que configuran un nuevo horizonte regulatorio para el sector textil:<\/p>\r\n<p>\r\n\r\n\r\n\r\n\r\n\r\n<\/p>\r\n<ul class=\"wp-block-list\">\r\n<li>La<strong> <a href=\"https:\/\/www.boe.es\/buscar\/doc.php?id=DOUE-L-2022-81871\">Directiva de Informes de Sostenibilidad Corporativa (CSRD)<\/a> <\/strong>obligar\u00e1 a miles de empresas a reportar sus impactos ambientales y sociales con criterios verificables.<\/li>\r\n\r\n\r\n\r\n<li>Las <strong>tasas EPR <\/strong>sobre residuos textiles establecer\u00e1n obligaciones de circularidad y responsabilidad ampliada del productor.<\/li>\r\n\r\n\r\n\r\n<li>La <strong><a href=\"https:\/\/www.boe.es\/buscar\/doc.php?id=DOUE-L-2024-80992\">Directiva de Dise\u00f1o Ecol\u00f3gico (ESPR)<\/a><\/strong> promover\u00e1 productos m\u00e1s duraderos, reparables y reciclables. Con este conjunto de reformas, entre otras, Europa busca nivelar el mercado y priorizar la trazabilidad, la circularidad y la responsabilidad empresarial.<\/li>\r\n<\/ul>\r\n<p>\r\n\r\n<\/p>\r\n<p>Pero estas normas no solo exigen <strong>adaptaci\u00f3n<\/strong>: tambi\u00e9n abren la puerta a un nuevo tipo de liderazgo empresarial, uno que entiende el <em>compliance <\/em>no como un requisito legal, sino como una cultura corporativa que genera confianza, competitividad y valor a largo plazo.<\/p>\r\n<p>\r\n\r\n<\/p>\r\n<p>\r\n\r\n<\/p>\r\n<h2 class=\"wp-block-heading\">Sostenibilidad y compliance: de obligaci\u00f3n a ventaja competitiva<\/h2>\r\n<p>\r\n\r\n<\/p>\r\n<p>La <em>ultra-fast fashion<\/em> tiene un <strong>alto coste invisib<\/strong>le: m\u00e1s emisiones, m\u00e1s residuos y condiciones laborales precarias en los polos de producci\u00f3n asi\u00e1ticos. En la Uni\u00f3n Europea, cada persona genera <strong>16 kg de residuos textiles al a\u00f1o<\/strong>, pero solo <strong>una cuarta parte se recicla o reutiliz<\/strong>a. Detr\u00e1s de cada prenda de bajo precio hay una huella ambiental y social que pocas veces se ve, pero que refleja el verdadero impacto de un modelo basado en la inmediatez y el descarte.<\/p>\r\n<p>En este contexto, el <em><strong>compliance <\/strong><\/em>y la <strong>trazabilidad digital <\/strong>ya no son una opci\u00f3n, sino un escudo y un activo estrat\u00e9gico. Las empresas que integran <strong>auditor\u00edas<\/strong>, <em><strong>reporting ESG<\/strong><\/em> y una <strong>circularidad real <\/strong>no solo cumplen con la normativa: se <strong>diferencian<\/strong>, acceden a <strong>incentivos <\/strong>y fortalecen una <strong>reputaci\u00f3n <\/strong>s\u00f3lida y confiable.<\/p>\r\n<p>\r\n\r\n\r\n\r\n<\/p>\r\n<p>\r\n\r\n<\/p>\r\n<h2 class=\"wp-block-heading\">Dise\u00f1ar el futuro con responsabilidad<\/h2>\r\n<p>\r\n\r\n<\/p>\r\n<p>La moda europea vive un momento de cambio profundo. La <strong>velocidad <\/strong>y el <strong>coste<\/strong> ya no pueden imponerse al <strong>control<\/strong> y la <strong>\u00e9tica<\/strong>, y la Uni\u00f3n Europea marca el rumbo hacia un modelo donde solo las empresas capaces de combinar <strong>agilidad<\/strong>, <strong>innovaci\u00f3n<\/strong> y <strong>cumplimiento normativo<\/strong> ser\u00e1n verdaderamente competitivas frente al fen\u00f3meno de la<em> ultra-fast fashion<\/em>.<\/p>\r\n<p>Convertir el <em><strong>compliance<\/strong><\/em> en <strong>cultura corporativa<\/strong> ya no es una opci\u00f3n, sino la clave de la sostenibilidad y la confianza. Las organizaciones que integran la responsabilidad en su estrategia<br \/>no solo cumplen con la ley: construyen valor, credibilidad y resiliencia a largo plazo.<\/p>\r\n<p>Un reto adicional que afronta el sector textil es el amplio y creciente <strong>mercado de la segunda mano<\/strong>, especialmente en online con portales como <strong>Vinted<\/strong> (l\u00edder en moda casual accesible) y <strong>Vestiaire Collective <\/strong>(especializado en lujo pre-owned). Seg\u00fan informes recientes de BCG y Vestiaire Collective (2025), este mercado<strong> crece un 10% anual<\/strong>, <strong>tres veces m\u00e1s r\u00e1pido que la moda de primera mano<\/strong>, alcanzando <strong>208-220 mil millones de d\u00f3lares en 2025<\/strong> y proyectando <strong>360 mil millones para 2030<\/strong>. Impulsado por <strong>conciencia ambiental<\/strong> y <strong>econ\u00f3mica<\/strong>, representa el <strong>10% del mercado global en 2025<\/strong>, erosionando ventas nuevas, pero fomentando <strong>circularidad<\/strong>. Para marcas tradicionales, esto implica <strong>estrategias h\u00edbridas<\/strong>: integrar reventa para captar audiencias sostenibles y alinear con la normativa EPR.<\/p>\r\n<p>Este crecimiento refleja una <strong>mayor conciencia social en las compras<\/strong>: consumidores optan por segunda mano no solo por ahorro (hasta 70% menos), sino por reducir huella ecol\u00f3gica (menos residuos, reutilizaci\u00f3n) y promover \u00e9tica (apoyo a econom\u00edas locales, anti-sobreconsumo).<\/p>\r\n<p>Estudios muestran que el <strong>67% de compradores <em>millennials <\/em>prioriza sostenibilidad<\/strong>, impulsando plataformas que verifican autenticidad y calidad. En Europa, esto se alinea con la <strong>normativa ESPR<\/strong> y <strong>EPR<\/strong>, convirtiendo el <em>resale<\/em> en oportunidad para marcas que ofrezcan productos duraderos y trazables, impulsando el valor social y compromiso de las marcas.<\/p>\r\n<p>\r\n\r\n\r\n\r\n\r\n\r\n\r\n\r\n\r\n\r\n\r\n\r\n<\/p>\r\n<p><strong>Art\u00edculos m\u00e1s comprados de segunda mano &#8211; Ranking 2024-2025 por orden de mayor a menor:<\/strong><\/p>\r\n<p>\r\n\r\n\r\n\r\n<\/p>\r\n<p><img loading=\"lazy\" decoding=\"async\" class=\" wp-image-884 aligncenter\" src=\"https:\/\/sodsestudio.com\/wp-content\/uploads\/2025\/11\/SODS-BLOG-4-300x169.png\" alt=\"\" width=\"650\" height=\"366\" srcset=\"https:\/\/sodsestudio.com\/wp-content\/uploads\/2025\/11\/SODS-BLOG-4-300x169.png 300w, https:\/\/sodsestudio.com\/wp-content\/uploads\/2025\/11\/SODS-BLOG-4-1024x576.png 1024w, https:\/\/sodsestudio.com\/wp-content\/uploads\/2025\/11\/SODS-BLOG-4-768x432.png 768w, https:\/\/sodsestudio.com\/wp-content\/uploads\/2025\/11\/SODS-BLOG-4-1536x864.png 1536w, https:\/\/sodsestudio.com\/wp-content\/uploads\/2025\/11\/SODS-BLOG-4.png 1920w\" sizes=\"auto, (max-width: 650px) 100vw, 650px\" \/><\/p>\r\n<p>El <strong>reto<\/strong>: equilibrar tienda f\u00edsica (experiencia sensorial) con IA (personalizaci\u00f3n instant\u00e1nea), evitando que esta \u00faltima erosione la relaci\u00f3n con los clientes.<\/p>\r\n<p>Con <strong>resiliencia<\/strong> demostrada desde 2020, el sector textil europeo no solo recupera terreno, sino que se posiciona para un crecimiento cualitativo, impulsado por la innovaci\u00f3n y la responsabilidad.<\/p>\r\n<p>\r\n\r\n\r\n\r\n<\/p>\r\n<p><br \/><strong>\u00bfQu\u00e9 hacer?<\/strong> Desde <a href=\"https:\/\/sodsestudio.com\/es\/\"><strong>SODS ESTUDIO<\/strong><\/a>, ayudamos a <strong>anticipar normativas<\/strong>, <strong>consolidar cadenas de suministro<\/strong>, transformar el <strong>cumplimiento <\/strong>en una ventaja operativa y aportar <strong>novedad <\/strong>en las colecciones de prenda exterior, acompa\u00f1ando a las empresas en su <strong>transici\u00f3n <\/strong>hacia un <strong>modelo alineado con los est\u00e1ndares europeos<\/strong>.<\/p>\r\n<p>\r\n\r\n<\/p>\r\n<p>Todo en nuestro sector gira en torno al <strong>producto final<\/strong> y, sobre todo, a la capacidad de <strong>escuchar<\/strong> y <strong>responder<\/strong> a lo que nuestros clientes realmente desean.<\/p>\r\n<p>\r\n\r\n<\/p>\r\n<p>&nbsp;<\/p>\r\n<p><\/p>","protected":false},"excerpt":{"rendered":"<p>Evoluci\u00f3n de ventas en el sector textil: resiliencia y oportunidades desde 2020 Durante d\u00e9cadas, Europa fue sin\u00f3nimo de creatividad, calidad y liderazgo en la moda global. De sus talleres, pasarelas&#8230;<\/p>\n","protected":false},"author":4,"featured_media":822,"comment_status":"open","ping_status":"open","sticky":false,"template":"","format":"standard","meta":{"footnotes":""},"categories":[9],"tags":[],"class_list":{"0":"post-817","1":"post","2":"type-post","3":"status-publish","4":"format-standard","5":"has-post-thumbnail","7":"category-sin-categoria"},"yoast_head":"<!-- This site is optimized with the Yoast SEO plugin v27.2 - https:\/\/yoast.com\/product\/yoast-seo-wordpress\/ -->\n<title>Ultra-fast fashion: \u00bfC\u00f3mo desaf\u00eda y transforma el sector textil europeo? - SODS ESTUDIO<\/title>\n<meta name=\"robots\" content=\"index, follow, max-snippet:-1, max-image-preview:large, max-video-preview:-1\" \/>\n<link rel=\"canonical\" href=\"https:\/\/sodsestudio.com\/es\/ultra-fast-fashion-como-desafia-y-transforma-el-sector-textil-europeo\/\" \/>\n<meta property=\"og:locale\" content=\"es_ES\" \/>\n<meta property=\"og:type\" content=\"article\" \/>\n<meta property=\"og:title\" content=\"Ultra-fast fashion: \u00bfC\u00f3mo desaf\u00eda y transforma el sector textil europeo? - SODS ESTUDIO\" \/>\n<meta property=\"og:description\" content=\"Evoluci\u00f3n de ventas en el sector textil: resiliencia y oportunidades desde 2020 Durante d\u00e9cadas, Europa fue sin\u00f3nimo de creatividad, calidad y liderazgo en la moda global. De sus talleres, pasarelas...\" \/>\n<meta property=\"og:url\" content=\"https:\/\/sodsestudio.com\/es\/ultra-fast-fashion-como-desafia-y-transforma-el-sector-textil-europeo\/\" \/>\n<meta property=\"og:site_name\" content=\"SODS ESTUDIO\" \/>\n<meta property=\"article:published_time\" content=\"2025-11-03T16:11:32+00:00\" \/>\n<meta property=\"article:modified_time\" content=\"2025-11-10T11:53:51+00:00\" \/>\n<meta property=\"og:image\" content=\"https:\/\/sodsestudio.com\/wp-content\/uploads\/2025\/11\/SHOOTING_SODS_BN-8-1-scaled.jpg\" \/>\n\t<meta property=\"og:image:width\" content=\"1707\" \/>\n\t<meta property=\"og:image:height\" content=\"2560\" \/>\n\t<meta property=\"og:image:type\" content=\"image\/jpeg\" \/>\n<meta name=\"author\" content=\"lgvazquez\" \/>\n<meta name=\"twitter:card\" content=\"summary_large_image\" \/>\n<meta name=\"twitter:label1\" content=\"Escrito por\" \/>\n\t<meta name=\"twitter:data1\" content=\"lgvazquez\" \/>\n\t<meta name=\"twitter:label2\" content=\"Tiempo de lectura\" \/>\n\t<meta name=\"twitter:data2\" content=\"11 minutos\" \/>\n<script type=\"application\/ld+json\" class=\"yoast-schema-graph\">{\"@context\":\"https:\/\/schema.org\",\"@graph\":[{\"@type\":\"Article\",\"@id\":\"https:\/\/sodsestudio.com\/es\/ultra-fast-fashion-como-desafia-y-transforma-el-sector-textil-europeo\/#article\",\"isPartOf\":{\"@id\":\"https:\/\/sodsestudio.com\/es\/ultra-fast-fashion-como-desafia-y-transforma-el-sector-textil-europeo\/\"},\"author\":{\"name\":\"lgvazquez\",\"@id\":\"https:\/\/sodsestudio.com\/es\/#\/schema\/person\/c561770494197208ec4ca0541a9d98aa\"},\"headline\":\"Ultra-fast fashion: \u00bfC\u00f3mo desaf\u00eda y transforma el sector textil europeo?\",\"datePublished\":\"2025-11-03T16:11:32+00:00\",\"dateModified\":\"2025-11-10T11:53:51+00:00\",\"mainEntityOfPage\":{\"@id\":\"https:\/\/sodsestudio.com\/es\/ultra-fast-fashion-como-desafia-y-transforma-el-sector-textil-europeo\/\"},\"wordCount\":2274,\"commentCount\":0,\"image\":{\"@id\":\"https:\/\/sodsestudio.com\/es\/ultra-fast-fashion-como-desafia-y-transforma-el-sector-textil-europeo\/#primaryimage\"},\"thumbnailUrl\":\"https:\/\/sodsestudio.com\/wp-content\/uploads\/2025\/11\/SHOOTING_SODS_BN-8-1-scaled.jpg\",\"inLanguage\":\"es\",\"potentialAction\":[{\"@type\":\"CommentAction\",\"name\":\"Comment\",\"target\":[\"https:\/\/sodsestudio.com\/es\/ultra-fast-fashion-como-desafia-y-transforma-el-sector-textil-europeo\/#respond\"]}]},{\"@type\":\"WebPage\",\"@id\":\"https:\/\/sodsestudio.com\/es\/ultra-fast-fashion-como-desafia-y-transforma-el-sector-textil-europeo\/\",\"url\":\"https:\/\/sodsestudio.com\/es\/ultra-fast-fashion-como-desafia-y-transforma-el-sector-textil-europeo\/\",\"name\":\"Ultra-fast fashion: \u00bfC\u00f3mo desaf\u00eda y transforma el sector textil europeo? - SODS ESTUDIO\",\"isPartOf\":{\"@id\":\"https:\/\/sodsestudio.com\/es\/#website\"},\"primaryImageOfPage\":{\"@id\":\"https:\/\/sodsestudio.com\/es\/ultra-fast-fashion-como-desafia-y-transforma-el-sector-textil-europeo\/#primaryimage\"},\"image\":{\"@id\":\"https:\/\/sodsestudio.com\/es\/ultra-fast-fashion-como-desafia-y-transforma-el-sector-textil-europeo\/#primaryimage\"},\"thumbnailUrl\":\"https:\/\/sodsestudio.com\/wp-content\/uploads\/2025\/11\/SHOOTING_SODS_BN-8-1-scaled.jpg\",\"datePublished\":\"2025-11-03T16:11:32+00:00\",\"dateModified\":\"2025-11-10T11:53:51+00:00\",\"author\":{\"@id\":\"https:\/\/sodsestudio.com\/es\/#\/schema\/person\/c561770494197208ec4ca0541a9d98aa\"},\"breadcrumb\":{\"@id\":\"https:\/\/sodsestudio.com\/es\/ultra-fast-fashion-como-desafia-y-transforma-el-sector-textil-europeo\/#breadcrumb\"},\"inLanguage\":\"es\",\"potentialAction\":[{\"@type\":\"ReadAction\",\"target\":[\"https:\/\/sodsestudio.com\/es\/ultra-fast-fashion-como-desafia-y-transforma-el-sector-textil-europeo\/\"]}]},{\"@type\":\"ImageObject\",\"inLanguage\":\"es\",\"@id\":\"https:\/\/sodsestudio.com\/es\/ultra-fast-fashion-como-desafia-y-transforma-el-sector-textil-europeo\/#primaryimage\",\"url\":\"https:\/\/sodsestudio.com\/wp-content\/uploads\/2025\/11\/SHOOTING_SODS_BN-8-1-scaled.jpg\",\"contentUrl\":\"https:\/\/sodsestudio.com\/wp-content\/uploads\/2025\/11\/SHOOTING_SODS_BN-8-1-scaled.jpg\",\"width\":1707,\"height\":2560},{\"@type\":\"BreadcrumbList\",\"@id\":\"https:\/\/sodsestudio.com\/es\/ultra-fast-fashion-como-desafia-y-transforma-el-sector-textil-europeo\/#breadcrumb\",\"itemListElement\":[{\"@type\":\"ListItem\",\"position\":1,\"name\":\"Home\",\"item\":\"https:\/\/sodsestudio.com\/es\/\"},{\"@type\":\"ListItem\",\"position\":2,\"name\":\"Ultra-fast fashion: \u00bfC\u00f3mo desaf\u00eda y transforma el sector textil europeo?\"}]},{\"@type\":\"WebSite\",\"@id\":\"https:\/\/sodsestudio.com\/es\/#website\",\"url\":\"https:\/\/sodsestudio.com\/es\/\",\"name\":\"SODS ESTUDIO\",\"description\":\"DESIGN CONSULTING INNOVATION &amp; COMPLIANCE\",\"potentialAction\":[{\"@type\":\"SearchAction\",\"target\":{\"@type\":\"EntryPoint\",\"urlTemplate\":\"https:\/\/sodsestudio.com\/es\/?s={search_term_string}\"},\"query-input\":{\"@type\":\"PropertyValueSpecification\",\"valueRequired\":true,\"valueName\":\"search_term_string\"}}],\"inLanguage\":\"es\"},{\"@type\":\"Person\",\"@id\":\"https:\/\/sodsestudio.com\/es\/#\/schema\/person\/c561770494197208ec4ca0541a9d98aa\",\"name\":\"lgvazquez\",\"image\":{\"@type\":\"ImageObject\",\"inLanguage\":\"es\",\"@id\":\"https:\/\/secure.gravatar.com\/avatar\/a9b99bb5ff0267f387281e70ed629bf6b9db7da51e6a0f9cd274865a0cd5cda9?s=96&d=mm&r=g\",\"url\":\"https:\/\/secure.gravatar.com\/avatar\/a9b99bb5ff0267f387281e70ed629bf6b9db7da51e6a0f9cd274865a0cd5cda9?s=96&d=mm&r=g\",\"contentUrl\":\"https:\/\/secure.gravatar.com\/avatar\/a9b99bb5ff0267f387281e70ed629bf6b9db7da51e6a0f9cd274865a0cd5cda9?s=96&d=mm&r=g\",\"caption\":\"lgvazquez\"},\"url\":\"https:\/\/sodsestudio.com\/es\/author\/lgvazquez\/\"}]}<\/script>\n<!-- \/ Yoast SEO plugin. -->","yoast_head_json":{"title":"Ultra-fast fashion: \u00bfC\u00f3mo desaf\u00eda y transforma el sector textil europeo? - SODS ESTUDIO","robots":{"index":"index","follow":"follow","max-snippet":"max-snippet:-1","max-image-preview":"max-image-preview:large","max-video-preview":"max-video-preview:-1"},"canonical":"https:\/\/sodsestudio.com\/es\/ultra-fast-fashion-como-desafia-y-transforma-el-sector-textil-europeo\/","og_locale":"es_ES","og_type":"article","og_title":"Ultra-fast fashion: \u00bfC\u00f3mo desaf\u00eda y transforma el sector textil europeo? - SODS ESTUDIO","og_description":"Evoluci\u00f3n de ventas en el sector textil: resiliencia y oportunidades desde 2020 Durante d\u00e9cadas, Europa fue sin\u00f3nimo de creatividad, calidad y liderazgo en la moda global. De sus talleres, pasarelas...","og_url":"https:\/\/sodsestudio.com\/es\/ultra-fast-fashion-como-desafia-y-transforma-el-sector-textil-europeo\/","og_site_name":"SODS ESTUDIO","article_published_time":"2025-11-03T16:11:32+00:00","article_modified_time":"2025-11-10T11:53:51+00:00","og_image":[{"width":1707,"height":2560,"url":"https:\/\/sodsestudio.com\/wp-content\/uploads\/2025\/11\/SHOOTING_SODS_BN-8-1-scaled.jpg","type":"image\/jpeg"}],"author":"lgvazquez","twitter_card":"summary_large_image","twitter_misc":{"Escrito por":"lgvazquez","Tiempo de lectura":"11 minutos"},"schema":{"@context":"https:\/\/schema.org","@graph":[{"@type":"Article","@id":"https:\/\/sodsestudio.com\/es\/ultra-fast-fashion-como-desafia-y-transforma-el-sector-textil-europeo\/#article","isPartOf":{"@id":"https:\/\/sodsestudio.com\/es\/ultra-fast-fashion-como-desafia-y-transforma-el-sector-textil-europeo\/"},"author":{"name":"lgvazquez","@id":"https:\/\/sodsestudio.com\/es\/#\/schema\/person\/c561770494197208ec4ca0541a9d98aa"},"headline":"Ultra-fast fashion: \u00bfC\u00f3mo desaf\u00eda y transforma el sector textil europeo?","datePublished":"2025-11-03T16:11:32+00:00","dateModified":"2025-11-10T11:53:51+00:00","mainEntityOfPage":{"@id":"https:\/\/sodsestudio.com\/es\/ultra-fast-fashion-como-desafia-y-transforma-el-sector-textil-europeo\/"},"wordCount":2274,"commentCount":0,"image":{"@id":"https:\/\/sodsestudio.com\/es\/ultra-fast-fashion-como-desafia-y-transforma-el-sector-textil-europeo\/#primaryimage"},"thumbnailUrl":"https:\/\/sodsestudio.com\/wp-content\/uploads\/2025\/11\/SHOOTING_SODS_BN-8-1-scaled.jpg","inLanguage":"es","potentialAction":[{"@type":"CommentAction","name":"Comment","target":["https:\/\/sodsestudio.com\/es\/ultra-fast-fashion-como-desafia-y-transforma-el-sector-textil-europeo\/#respond"]}]},{"@type":"WebPage","@id":"https:\/\/sodsestudio.com\/es\/ultra-fast-fashion-como-desafia-y-transforma-el-sector-textil-europeo\/","url":"https:\/\/sodsestudio.com\/es\/ultra-fast-fashion-como-desafia-y-transforma-el-sector-textil-europeo\/","name":"Ultra-fast fashion: \u00bfC\u00f3mo desaf\u00eda y transforma el sector textil europeo? - SODS ESTUDIO","isPartOf":{"@id":"https:\/\/sodsestudio.com\/es\/#website"},"primaryImageOfPage":{"@id":"https:\/\/sodsestudio.com\/es\/ultra-fast-fashion-como-desafia-y-transforma-el-sector-textil-europeo\/#primaryimage"},"image":{"@id":"https:\/\/sodsestudio.com\/es\/ultra-fast-fashion-como-desafia-y-transforma-el-sector-textil-europeo\/#primaryimage"},"thumbnailUrl":"https:\/\/sodsestudio.com\/wp-content\/uploads\/2025\/11\/SHOOTING_SODS_BN-8-1-scaled.jpg","datePublished":"2025-11-03T16:11:32+00:00","dateModified":"2025-11-10T11:53:51+00:00","author":{"@id":"https:\/\/sodsestudio.com\/es\/#\/schema\/person\/c561770494197208ec4ca0541a9d98aa"},"breadcrumb":{"@id":"https:\/\/sodsestudio.com\/es\/ultra-fast-fashion-como-desafia-y-transforma-el-sector-textil-europeo\/#breadcrumb"},"inLanguage":"es","potentialAction":[{"@type":"ReadAction","target":["https:\/\/sodsestudio.com\/es\/ultra-fast-fashion-como-desafia-y-transforma-el-sector-textil-europeo\/"]}]},{"@type":"ImageObject","inLanguage":"es","@id":"https:\/\/sodsestudio.com\/es\/ultra-fast-fashion-como-desafia-y-transforma-el-sector-textil-europeo\/#primaryimage","url":"https:\/\/sodsestudio.com\/wp-content\/uploads\/2025\/11\/SHOOTING_SODS_BN-8-1-scaled.jpg","contentUrl":"https:\/\/sodsestudio.com\/wp-content\/uploads\/2025\/11\/SHOOTING_SODS_BN-8-1-scaled.jpg","width":1707,"height":2560},{"@type":"BreadcrumbList","@id":"https:\/\/sodsestudio.com\/es\/ultra-fast-fashion-como-desafia-y-transforma-el-sector-textil-europeo\/#breadcrumb","itemListElement":[{"@type":"ListItem","position":1,"name":"Home","item":"https:\/\/sodsestudio.com\/es\/"},{"@type":"ListItem","position":2,"name":"Ultra-fast fashion: \u00bfC\u00f3mo desaf\u00eda y transforma el sector textil europeo?"}]},{"@type":"WebSite","@id":"https:\/\/sodsestudio.com\/es\/#website","url":"https:\/\/sodsestudio.com\/es\/","name":"SODS ESTUDIO","description":"DESIGN CONSULTING INNOVATION &amp; COMPLIANCE","potentialAction":[{"@type":"SearchAction","target":{"@type":"EntryPoint","urlTemplate":"https:\/\/sodsestudio.com\/es\/?s={search_term_string}"},"query-input":{"@type":"PropertyValueSpecification","valueRequired":true,"valueName":"search_term_string"}}],"inLanguage":"es"},{"@type":"Person","@id":"https:\/\/sodsestudio.com\/es\/#\/schema\/person\/c561770494197208ec4ca0541a9d98aa","name":"lgvazquez","image":{"@type":"ImageObject","inLanguage":"es","@id":"https:\/\/secure.gravatar.com\/avatar\/a9b99bb5ff0267f387281e70ed629bf6b9db7da51e6a0f9cd274865a0cd5cda9?s=96&d=mm&r=g","url":"https:\/\/secure.gravatar.com\/avatar\/a9b99bb5ff0267f387281e70ed629bf6b9db7da51e6a0f9cd274865a0cd5cda9?s=96&d=mm&r=g","contentUrl":"https:\/\/secure.gravatar.com\/avatar\/a9b99bb5ff0267f387281e70ed629bf6b9db7da51e6a0f9cd274865a0cd5cda9?s=96&d=mm&r=g","caption":"lgvazquez"},"url":"https:\/\/sodsestudio.com\/es\/author\/lgvazquez\/"}]}},"_links":{"self":[{"href":"https:\/\/sodsestudio.com\/es\/wp-json\/wp\/v2\/posts\/817","targetHints":{"allow":["GET"]}}],"collection":[{"href":"https:\/\/sodsestudio.com\/es\/wp-json\/wp\/v2\/posts"}],"about":[{"href":"https:\/\/sodsestudio.com\/es\/wp-json\/wp\/v2\/types\/post"}],"author":[{"embeddable":true,"href":"https:\/\/sodsestudio.com\/es\/wp-json\/wp\/v2\/users\/4"}],"replies":[{"embeddable":true,"href":"https:\/\/sodsestudio.com\/es\/wp-json\/wp\/v2\/comments?post=817"}],"version-history":[{"count":16,"href":"https:\/\/sodsestudio.com\/es\/wp-json\/wp\/v2\/posts\/817\/revisions"}],"predecessor-version":[{"id":885,"href":"https:\/\/sodsestudio.com\/es\/wp-json\/wp\/v2\/posts\/817\/revisions\/885"}],"wp:featuredmedia":[{"embeddable":true,"href":"https:\/\/sodsestudio.com\/es\/wp-json\/wp\/v2\/media\/822"}],"wp:attachment":[{"href":"https:\/\/sodsestudio.com\/es\/wp-json\/wp\/v2\/media?parent=817"}],"wp:term":[{"taxonomy":"category","embeddable":true,"href":"https:\/\/sodsestudio.com\/es\/wp-json\/wp\/v2\/categories?post=817"},{"taxonomy":"post_tag","embeddable":true,"href":"https:\/\/sodsestudio.com\/es\/wp-json\/wp\/v2\/tags?post=817"}],"curies":[{"name":"wp","href":"https:\/\/api.w.org\/{rel}","templated":true}]}}